{"id":112,"date":"2011-03-29T23:30:40","date_gmt":"2011-03-29T21:30:40","guid":{"rendered":"http:\/\/www.cibz.de\/?p=112"},"modified":"2011-03-29T23:30:40","modified_gmt":"2011-03-29T21:30:40","slug":"termine-fruhjahr-2011","status":"publish","type":"post","link":"https:\/\/cibz.de\/index.php\/2011\/03\/29\/termine-fruhjahr-2011\/","title":{"rendered":"Termine Fr\u00fchjahr 2011"},"content":{"rendered":"<p>Liebe Mitglieder und Freunde der CIBZ, liebe Interessierte am christlich-islamischen Dialog!<\/p>\n<p>Nach einem spannenden Abend zur Landtagswahl geht unsere Arbeit\u00a0 &#171;normal&#187; weiter.<\/p>\n<p>Folgende Themen haben wir vorgesehen:<\/p>\n<p><strong>Montag, 11. April 2011<\/strong><br \/>\nLebensphilosophie des Propheten<br \/>\nMohammad<br \/>\nReferent:<br \/>\nDr. Mohammad Taher Alradwany<\/p>\n<p><strong>Montag, 16. Mai 2011<\/strong><br \/>\nReligion und Demokratie<br \/>\nReferent:<br \/>\nPascal Kober MdB<\/p>\n<p><strong>Montag, 4. Juli 2011<\/strong><br \/>\n\u201eZwischen Herabsetzung und<br \/>\nErh\u00f6hung\u201c \u2013 Rechte und W\u00fcrde der<br \/>\nFrauen im Islam<br \/>\nReferentin:<br \/>\nRabeya M\u00fcller, Institut f\u00fcr Interreligi\u00f6se<br \/>\nP\u00e4dagogik und Didaktik (IPD)<\/p>\n<p>Alle drei Veranstaltungen finden<br \/>\num 19.30 Uhr statt im Treffpunkt Senior<br \/>\nRoteb\u00fchlplatz 28, 70178 Stuttgart,<br \/>\n-Bahn-Station \u201eStadtmitte\u201c,<br \/>\nLinien 2\/U4\/U14, alle S-Bahnlinien<\/p>\n<p>Wir laden Sie pers\u00f6nlich sehr herzlich ein und freuen uns, wenn Sie unseren angeh\u00e4ngten Flyer zur Verbreitung ausdrucken und weitergeben. Danke!<br \/>\nAu\u00dferdem m\u00f6chte ich Sie erinnern an die \u00f6kumenischen Abende im Hallschlag zum Thema Islam und Christentum.<br \/>\nSie finden statt im katholischen Rupert-Mayer-Gemeindehaus in der Koblenzer Stra\u00dfe 13, um 19.30 Uhr.<\/p>\n<p>22.3. 2011\u00a0 Was ich schon immer fragen wollte? Muslime und Christen im Gespr\u00e4ch.<br \/>\n29. 3. 2011 Wo betet mein muslimischer Nachbar? Exkursion in die Moschee in der Waiblinger Stra\u00dfe 30.<\/p>\n<p>Ich freue mich, Sie zu sehen und gr\u00fc\u00dfe Sie sehr herzlich<\/p>\n<p>Ihr<\/p>\n<p>Frieder Kobler<\/p>\n<p><a href=\"https:\/\/peaceful-kapitsa.82-165-109-163.plesk.page\/wp-content\/uploads\/2011\/03\/Flyer-4.2011-7.2011.pdf\">Flyer 4.2011-7.2011<\/a><\/p>\n","protected":false},"excerpt":{"rendered":"<p>Liebe Mitglieder und Freunde der CIBZ, liebe Interessierte am christlich-islamischen Dialog! Nach einem spannenden Abend zur Landtagswahl geht unsere Arbeit\u00a0 &#171;normal&#187; weiter. Folgende Themen haben wir vorgesehen: Montag, 11. April 2011 Lebensphilosophie des Propheten Mohammad Referent: Dr. Mohammad Taher Alradwany &hellip; <a href=\"https:\/\/cibz.de\/index.php\/2011\/03\/29\/termine-fruhjahr-2011\/\">Continue reading <span class=\"meta-nav\">&rarr;<\/span><\/a><\/p>\n","protected":false},"author":1,"featured_media":0,"comment_status":"closed","ping_status":"closed","sticky":false,"template":"","format":"standard","meta":{"footnotes":""},"categories":[4],"tags":[],"class_list":["post-112","post","type-post","status-publish","format-standard","hentry","category-termine"],"_links":{"self":[{"href":"https:\/\/cibz.de\/index.php\/wp-json\/wp\/v2\/posts\/112","targetHints":{"allow":["GET"]}}],"collection":[{"href":"https:\/\/cibz.de\/index.php\/wp-json\/wp\/v2\/posts"}],"about":[{"href":"https:\/\/cibz.de\/index.php\/wp-json\/wp\/v2\/types\/post"}],"author":[{"embeddable":true,"href":"https:\/\/cibz.de\/index.php\/wp-json\/wp\/v2\/users\/1"}],"replies":[{"embeddable":true,"href":"https:\/\/cibz.de\/index.php\/wp-json\/wp\/v2\/comments?post=112"}],"version-history":[{"count":0,"href":"https:\/\/cibz.de\/index.php\/wp-json\/wp\/v2\/posts\/112\/revisions"}],"wp:attachment":[{"href":"https:\/\/cibz.de\/index.php\/wp-json\/wp\/v2\/media?parent=112"}],"wp:term":[{"taxonomy":"category","embeddable":true,"href":"https:\/\/cibz.de\/index.php\/wp-json\/wp\/v2\/categories?post=112"},{"taxonomy":"post_tag","embeddable":true,"href":"https:\/\/cibz.de\/index.php\/wp-json\/wp\/v2\/tags?post=112"}],"curies":[{"name":"wp","href":"https:\/\/api.w.org\/{rel}","templated":true}]}}