{"id":23,"date":"2009-03-24T21:31:20","date_gmt":"2009-03-24T19:31:20","guid":{"rendered":"http:\/\/www.cibz.de\/?p=23"},"modified":"2009-03-24T21:31:20","modified_gmt":"2009-03-24T19:31:20","slug":"festwoche-zum-zehnjahrigen-jubilaum-mit-folgenden-veranstaltungen","status":"publish","type":"post","link":"https:\/\/cibz.de\/index.php\/2009\/03\/24\/festwoche-zum-zehnjahrigen-jubilaum-mit-folgenden-veranstaltungen\/","title":{"rendered":"Festwoche zum zehnj\u00e4hrigen Jubil\u00e4um"},"content":{"rendered":"<p>In diesem Monat feiern wir unser zehnj\u00e4hriges Jubil\u00e4um, daher m\u00f6chten wir Sie herzlichst zu unseren Veranstaltungen einladen:<\/p>\n<h3>Montag, 20. April 2009<\/h3>\n<p><strong>Jubil\u00e4umscaf\u00e9 <\/strong><br \/>\nAb 19:30 Uhr<br \/>\n\u201eMeine Feste \u2013 Deine Feste\u201c<\/p>\n<p>Christen und Muslime stellen sich gegenseitig ihre Feste vor.<\/p>\n<p>Christlich-Islamisches Caf\u00e9 im Treffpunkt Senior<br \/>\nRoteb\u00fchlplatz 28<br \/>\n70173 Stuttgart<\/p>\n<h3>Mittwoch, 22. April 2009<\/h3>\n<p><strong>Jubil\u00e4umsempfang<\/strong><br \/>\n15 -17 Uhr<br \/>\nEmpfang im Stuttgarter Rathaus<br \/>\nGro\u00dfer Saal<\/p>\n<p>Moderation:<br \/>\nPfarrer Frieder Kobler, christlicher Vorsitzender CIBZ<\/p>\n<p>Begr\u00fc\u00dfung:<br \/>\nRiad Ghalaini, muslimischer Vorsitzender CIBZ, Vorsitzender der Islamischen Glaubensgemeinschaft Baden-W\u00fcrttemberg<\/p>\n<p>Musikalischer Beitrag<\/p>\n<p>Gru\u00dfworte:<br \/>\nB\u00fcrgermeister Klaus-Peter Murawski, Stadt Stuttgart<br \/>\nDr. Wolfgang R\u00f6dl, Islambeauftragter Di\u00f6zese Rottenburg\/Stuttgart<\/p>\n<p>Musikalischer Beitrag<\/p>\n<p>Christlich-islamischer Dialog aus evangelischer Sicht<br \/>\nMartin Klumpp, Pr\u00e4lat i.R. in Stuttgart<\/p>\n<p>Musikalischer Beitrag<\/p>\n<p>Stand des Dialogs aus islamischer Sicht<br \/>\nErol P\u00fcrl\u00fc, Koordinationsrat der Muslime<\/p>\n<h3>Samstag, 25. April 2009<\/h3>\n<p><strong>Grillfest<\/strong><\/p>\n<p>13.00 \u2013 18.00 Uhr<br \/>\nGrillfest der CIBZ-Familie und aller Freunde des Christlich- Islamischen Dialogs<br \/>\nOtto-Riethm\u00fcller-Haus<br \/>\nSigmund-Lindauer-Weg 37<br \/>\n70376 Stuttgart<br \/>\nBus 55\/56, Haltestelle Riethm\u00fcllerhaus<\/p>\n","protected":false},"excerpt":{"rendered":"<p>In diesem Monat feiern wir unser zehnj\u00e4hriges Jubil\u00e4um, daher m\u00f6chten wir Sie herzlichst zu unseren Veranstaltungen einladen: Montag, 20. April 2009 Jubil\u00e4umscaf\u00e9 Ab 19:30 Uhr \u201eMeine Feste \u2013 Deine Feste\u201c Christen und Muslime stellen sich gegenseitig ihre Feste vor. Christlich-Islamisches &hellip; <a href=\"https:\/\/cibz.de\/index.php\/2009\/03\/24\/festwoche-zum-zehnjahrigen-jubilaum-mit-folgenden-veranstaltungen\/\">Continue reading <span class=\"meta-nav\">&rarr;<\/span><\/a><\/p>\n","protected":false},"author":1,"featured_media":0,"comment_status":"closed","ping_status":"closed","sticky":false,"template":"","format":"standard","meta":{"footnotes":""},"categories":[2,4],"tags":[],"class_list":["post-23","post","type-post","status-publish","format-standard","hentry","category-allgemein","category-termine"],"_links":{"self":[{"href":"https:\/\/cibz.de\/index.php\/wp-json\/wp\/v2\/posts\/23","targetHints":{"allow":["GET"]}}],"collection":[{"href":"https:\/\/cibz.de\/index.php\/wp-json\/wp\/v2\/posts"}],"about":[{"href":"https:\/\/cibz.de\/index.php\/wp-json\/wp\/v2\/types\/post"}],"author":[{"embeddable":true,"href":"https:\/\/cibz.de\/index.php\/wp-json\/wp\/v2\/users\/1"}],"replies":[{"embeddable":true,"href":"https:\/\/cibz.de\/index.php\/wp-json\/wp\/v2\/comments?post=23"}],"version-history":[{"count":0,"href":"https:\/\/cibz.de\/index.php\/wp-json\/wp\/v2\/posts\/23\/revisions"}],"wp:attachment":[{"href":"https:\/\/cibz.de\/index.php\/wp-json\/wp\/v2\/media?parent=23"}],"wp:term":[{"taxonomy":"category","embeddable":true,"href":"https:\/\/cibz.de\/index.php\/wp-json\/wp\/v2\/categories?post=23"},{"taxonomy":"post_tag","embeddable":true,"href":"https:\/\/cibz.de\/index.php\/wp-json\/wp\/v2\/tags?post=23"}],"curies":[{"name":"wp","href":"https:\/\/api.w.org\/{rel}","templated":true}]}}