{"id":292,"date":"2016-01-15T12:22:54","date_gmt":"2016-01-15T10:22:54","guid":{"rendered":"http:\/\/www.cibz.de\/?p=292"},"modified":"2016-01-15T12:22:54","modified_gmt":"2016-01-15T10:22:54","slug":"forum-zur-landtagswahl-am-28-1-2016-um-19-00-uhr-im-alten-feuerwehrhaus-in-stuttgart-heslach","status":"publish","type":"post","link":"https:\/\/cibz.de\/index.php\/2016\/01\/15\/forum-zur-landtagswahl-am-28-1-2016-um-19-00-uhr-im-alten-feuerwehrhaus-in-stuttgart-heslach\/","title":{"rendered":"Forum zur Landtagswahl am 28.1.2016 um 19.00 Uhr im Alten Feuerwehrhaus in Stuttgart-Heslach"},"content":{"rendered":"<p>Am <strong>28. Januar 2016 <\/strong>laden wir als Gesellschaft f\u00fcr christlich-islamische Begegnung und Zusammenarbeit Stuttgart e.V. sehr herzlich ein zu einem <strong>Forum<\/strong> <strong>zur Landtagswahl 2016 <\/strong>mit Vertretern der im Landtag bzw. Bundestag vertretenen Parteien.Es findet statt <strong>um 19.00 Uhr im Alten Feuerwehrhaus S\u00fcd in Heslach<\/strong>. (M\u00f6hringer Stra\u00dfe 56, Haltestelle Sch\u00f6ttleplatz (U1, U14, Bus 42))<\/p>\n<p>Das Forum zur Landtagswahl \u00a0erg\u00e4nzt unsere regelm\u00e4\u00dfigen Dialog-Veranstaltungen wie \u201eChristlich Islamisches Caf\u00e9\u201c und \u201eF\u00fcrbitte f\u00fcr den Frieden\u201c, sowie unsere Einladungen zur Begegnung beim Iftar im Ramadan und bei unserer Adventsfeier, und soll dialogaktiven Christen und Muslimen sowie allen interessierten Mitb\u00fcrgerinnen und Mitb\u00fcrgern \u00a0die Gelegenheit geben, sich mit Vertreterinnen\/Vertretern der im Landtag bzw. Bundestag vertretenen Parteien auszutauschen. Gerade in der derzeitigen Situation ist dieser Austausch ja besonders wichtig.<\/p>\n<p>Es wirken mit:<br \/>\nGabriele Nuber &#8211; Sch\u00f6llhammer, B\u00dcNDNIS 90\/DIE GR\u00dcNEN, Stadtr\u00e4tin, Zweitkandidatin im Wahlkreis 1<br \/>\nErgun Can, SPD, Kandidat im Wahlkreis 2<br \/>\nMaximilian Mayer, FDP, Stellv. Vorsitzender des FDP-Landesfachausschusses Internationale Politik, Vorsitzender der FDP-Stadtgruppe Stgt- West, Zweitkandidat im Wahlkreis Stgt 1<br \/>\nRoland Stricker, CDU, Stellv. Bezirksvorsteher des Stadtbezirks Stuttgart-West, Mitglied im Internationalen Ausschuss der Landeshauptstadt Stuttgart, Zweitkandidat im Landtagswahlkreis Stuttgart I<br \/>\nPaul Russmann, DIE LINKE , Zweitkandidat im Wahlkreis Stuttgart 1<\/p>\n<p><a href=\"https:\/\/peaceful-kapitsa.82-165-109-163.plesk.page\/wp-content\/uploads\/2016\/01\/Einladung-Forum.pdf\" rel=\"\">Einladung-Forum<\/a><\/p>\n","protected":false},"excerpt":{"rendered":"<p>Am 28. Januar 2016 laden wir als Gesellschaft f\u00fcr christlich-islamische Begegnung und Zusammenarbeit Stuttgart e.V. sehr herzlich ein zu einem Forum zur Landtagswahl 2016 mit Vertretern der im Landtag bzw. Bundestag vertretenen Parteien.Es findet statt um 19.00 Uhr im Alten &hellip; <a href=\"https:\/\/cibz.de\/index.php\/2016\/01\/15\/forum-zur-landtagswahl-am-28-1-2016-um-19-00-uhr-im-alten-feuerwehrhaus-in-stuttgart-heslach\/\">Continue reading <span class=\"meta-nav\">&rarr;<\/span><\/a><\/p>\n","protected":false},"author":1,"featured_media":0,"comment_status":"closed","ping_status":"closed","sticky":false,"template":"","format":"standard","meta":{"footnotes":""},"categories":[4],"tags":[],"class_list":["post-292","post","type-post","status-publish","format-standard","hentry","category-termine"],"_links":{"self":[{"href":"https:\/\/cibz.de\/index.php\/wp-json\/wp\/v2\/posts\/292","targetHints":{"allow":["GET"]}}],"collection":[{"href":"https:\/\/cibz.de\/index.php\/wp-json\/wp\/v2\/posts"}],"about":[{"href":"https:\/\/cibz.de\/index.php\/wp-json\/wp\/v2\/types\/post"}],"author":[{"embeddable":true,"href":"https:\/\/cibz.de\/index.php\/wp-json\/wp\/v2\/users\/1"}],"replies":[{"embeddable":true,"href":"https:\/\/cibz.de\/index.php\/wp-json\/wp\/v2\/comments?post=292"}],"version-history":[{"count":0,"href":"https:\/\/cibz.de\/index.php\/wp-json\/wp\/v2\/posts\/292\/revisions"}],"wp:attachment":[{"href":"https:\/\/cibz.de\/index.php\/wp-json\/wp\/v2\/media?parent=292"}],"wp:term":[{"taxonomy":"category","embeddable":true,"href":"https:\/\/cibz.de\/index.php\/wp-json\/wp\/v2\/categories?post=292"},{"taxonomy":"post_tag","embeddable":true,"href":"https:\/\/cibz.de\/index.php\/wp-json\/wp\/v2\/tags?post=292"}],"curies":[{"name":"wp","href":"https:\/\/api.w.org\/{rel}","templated":true}]}}