{"id":321,"date":"2016-09-02T23:23:11","date_gmt":"2016-09-02T21:23:11","guid":{"rendered":"http:\/\/www.cibz.de\/?p=321"},"modified":"2016-09-02T23:23:11","modified_gmt":"2016-09-02T21:23:11","slug":"christlich-islamisches-cafe-herbstprogramm-2016","status":"publish","type":"post","link":"https:\/\/cibz.de\/index.php\/2016\/09\/02\/christlich-islamisches-cafe-herbstprogramm-2016\/","title":{"rendered":"christlich-islamisches Cafe- Herbstprogramm 2016"},"content":{"rendered":"<p>Die Gesellschaft f\u00fcr Christlich-Islamische Begegnung und Zusammenarbeit Stuttgart e.V. (CIBZ) l\u00e4dt sehr herzlich ein zu folgenden Veranstaltungen ihres christlich-islamischen Cafes im Herbst 2016:<\/p>\n<p>Montag, 19. September, 19.30 Uhr<br \/>\n<em>Meinungsfreiheit und Menschenw\u00fcrde<br \/>\n<\/em>Riad Ghalaini, muslimischer Vorsitzender der CIBZ<br \/>\nTreffpunkt 50 plus (im Treffpunkt Roteb\u00fchl, Roteb\u00fchlplatz 28)<\/p>\n<p>Dienstag, 18. Oktober, 19.30 Uhr<br \/>\n<em>100 Jahre Sykes-Picot Abkommen (1916 &#8211; 2016): der Anfang vom<br \/>\nEnde einer friedlichen Neuordnung des Nahen Ostens<\/em><br \/>\nProf. Dr. Stefan Schreiner, Universit\u00e4t T\u00fcbingen<br \/>\nLudwig-Raiser Haus, Stuttgart &#8211; Bad- Cannstatt, Wilhelmstra\u00dfe 8<br \/>\n(Haltestelle Wilhelmsplatz: U1, U2, U13).<\/p>\n<p>&nbsp;<\/p>\n<p>Dienstag, 22. November, 19.30 Uhr<br \/>\n<em>Gemeinsames Wort der Arbeitsgemeinschaft Christlicher Kirchen und Islamischer Religionsgemeinschaften und Initiativen in Baden-W\u00fcrttemberg zum Einsatz f\u00fcr Frieden und Gerechtigkeit<\/em><br \/>\nMuhittin Soylu, Vorstandsvorsitzender der Islamischen Glaubensgemeinschaft<br \/>\nBaden-W\u00fcrttemberg (IGBW)<br \/>\nDr. Wolfgang R\u00f6dl, Bisch\u00f6fliches Ordinariat der Di\u00f6zese Rottenburg-Stuttgart<br \/>\nTreffpunkt 50 plus<br \/>\n(im Treffpunkt Roteb\u00fchl, Roteb\u00fchlplatz 28)<\/p>\n<p>Die Veranstaltungen richten sich an Muslime und Christen sowie an alle interessierten Mitb\u00fcrger in Stuttgart und sollen dem gegenseitigen Verst\u00e4ndnis und dem Frieden dienen.<\/p>\n<p>Den Einladungsflyer h\u00e4nge ich Ihnen an.<br \/>\nMit freundlichen Gr\u00fc\u00dfen<br \/>\nFrieder Kobler<\/p>\n<p><a href=\"https:\/\/peaceful-kapitsa.82-165-109-163.plesk.page\/wp-content\/uploads\/2016\/09\/christlich-islamisches-Cafe-im-Herbst-2016-1.pdf\">christlich-islamisches Cafe im Herbst 2016 &#8211; 1<\/a><\/p>\n","protected":false},"excerpt":{"rendered":"<p>Die Gesellschaft f\u00fcr Christlich-Islamische Begegnung und Zusammenarbeit Stuttgart e.V. (CIBZ) l\u00e4dt sehr herzlich ein zu folgenden Veranstaltungen ihres christlich-islamischen Cafes im Herbst 2016: Montag, 19. September, 19.30 Uhr Meinungsfreiheit und Menschenw\u00fcrde Riad Ghalaini, muslimischer Vorsitzender der CIBZ Treffpunkt 50 plus &hellip; <a href=\"https:\/\/cibz.de\/index.php\/2016\/09\/02\/christlich-islamisches-cafe-herbstprogramm-2016\/\">Continue reading <span class=\"meta-nav\">&rarr;<\/span><\/a><\/p>\n","protected":false},"author":1,"featured_media":0,"comment_status":"closed","ping_status":"closed","sticky":false,"template":"","format":"standard","meta":{"footnotes":""},"categories":[4],"tags":[6,18],"class_list":["post-321","post","type-post","status-publish","format-standard","hentry","category-termine","tag-christlich-islamisches-cafe","tag-termine"],"_links":{"self":[{"href":"https:\/\/cibz.de\/index.php\/wp-json\/wp\/v2\/posts\/321","targetHints":{"allow":["GET"]}}],"collection":[{"href":"https:\/\/cibz.de\/index.php\/wp-json\/wp\/v2\/posts"}],"about":[{"href":"https:\/\/cibz.de\/index.php\/wp-json\/wp\/v2\/types\/post"}],"author":[{"embeddable":true,"href":"https:\/\/cibz.de\/index.php\/wp-json\/wp\/v2\/users\/1"}],"replies":[{"embeddable":true,"href":"https:\/\/cibz.de\/index.php\/wp-json\/wp\/v2\/comments?post=321"}],"version-history":[{"count":0,"href":"https:\/\/cibz.de\/index.php\/wp-json\/wp\/v2\/posts\/321\/revisions"}],"wp:attachment":[{"href":"https:\/\/cibz.de\/index.php\/wp-json\/wp\/v2\/media?parent=321"}],"wp:term":[{"taxonomy":"category","embeddable":true,"href":"https:\/\/cibz.de\/index.php\/wp-json\/wp\/v2\/categories?post=321"},{"taxonomy":"post_tag","embeddable":true,"href":"https:\/\/cibz.de\/index.php\/wp-json\/wp\/v2\/tags?post=321"}],"curies":[{"name":"wp","href":"https:\/\/api.w.org\/{rel}","templated":true}]}}