{"id":408,"date":"2018-05-18T03:44:12","date_gmt":"2018-05-18T01:44:12","guid":{"rendered":"http:\/\/www.cibz.de\/?p=408"},"modified":"2018-05-18T03:44:12","modified_gmt":"2018-05-18T01:44:12","slug":"408","status":"publish","type":"post","link":"https:\/\/cibz.de\/index.php\/2018\/05\/18\/408\/","title":{"rendered":"Einladung zum Fastenbrechen"},"content":{"rendered":"<p>Sehr geehrte Damen und Herren,<br \/>\nliebe Freundinnen und Freunde unserer Arbeit!<\/p>\n<p>Im Ramadan des muslimischen Jahres 1439, also des christlichen Jahres 2018, laden wieder zwei Stuttgarter Moscheegemeinden auf Initiative der CIBZ \u00a0zum Fastenbrechen ein.<br \/>\nDer erste Abend ist am Donnerstag, 24. Mai 2018, um 20.15 Uhr\u00a0 im \u00a0Islamischen Zentrum Stuttgart,\u00a0 Waiblinger Stra\u00dfe 30, \u00a0II. OG,<br \/>\n70372\u00a0 Stuttgart (Anfahrt: U1\/U13\u00a0 Uffkirchhof, S-Bahn Bad Cannstatt), Kontakt:\u00a0 Herr El Damaty Tel.: 01752989000,<br \/>\nHerr Kobler Tel.: 015165450691 .<\/p>\n<p>Der zweite Abend ist am Dienstag, 29. Mai 2018,\u00a0 um 20.15 Uhr in der Moschee der Islamischen Solidarit\u00e4t\u00a0 Baden W\u00fcrttemberg,<br \/>\nUlmer Stra\u00dfe 172, 70188 Stuttgart (Anfahrt: U4\/U9 Brendle Gro\u00dfmarkt ),<br \/>\nKontakt:\u00a0 Herr Demirel Tel.: 01525361148,<br \/>\nFrau Braun\u00a0\u00a0\u00a0 Tel.:0711317643.<\/p>\n<p>F\u00fcr die Planung der Abende ist bei Interesse eine Voranmeldung\u00a0 bei einer der Kontaktpersonen notwendig.<br \/>\nWir freuen uns sehr, wenn Sie diese M\u00f6glichkeit des Kennenlernens und der Begegnung\u00a0 wahrnehmen\u00a0 und wir Sie an einem dieser Abende begr\u00fc\u00dfen d\u00fcrfen.<\/p>\n<p>Mit freundlichen Gr\u00fc\u00dfen<br \/>\nFrieder Kobler<\/p>\n<p><a href=\"https:\/\/peaceful-kapitsa.82-165-109-163.plesk.page\/wp-content\/uploads\/2018\/05\/Ramadaneinladung-1439-2018-1.pdf\">Ramadaneinladung 1439 (2018)-1<\/a><\/p>\n","protected":false},"excerpt":{"rendered":"<p>Sehr geehrte Damen und Herren, liebe Freundinnen und Freunde unserer Arbeit! Im Ramadan des muslimischen Jahres 1439, also des christlichen Jahres 2018, laden wieder zwei Stuttgarter Moscheegemeinden auf Initiative der CIBZ \u00a0zum Fastenbrechen ein. Der erste Abend ist am Donnerstag, &hellip; <a href=\"https:\/\/cibz.de\/index.php\/2018\/05\/18\/408\/\">Continue reading <span class=\"meta-nav\">&rarr;<\/span><\/a><\/p>\n","protected":false},"author":1,"featured_media":0,"comment_status":"closed","ping_status":"closed","sticky":false,"template":"","format":"standard","meta":{"footnotes":""},"categories":[4],"tags":[],"class_list":["post-408","post","type-post","status-publish","format-standard","hentry","category-termine"],"_links":{"self":[{"href":"https:\/\/cibz.de\/index.php\/wp-json\/wp\/v2\/posts\/408","targetHints":{"allow":["GET"]}}],"collection":[{"href":"https:\/\/cibz.de\/index.php\/wp-json\/wp\/v2\/posts"}],"about":[{"href":"https:\/\/cibz.de\/index.php\/wp-json\/wp\/v2\/types\/post"}],"author":[{"embeddable":true,"href":"https:\/\/cibz.de\/index.php\/wp-json\/wp\/v2\/users\/1"}],"replies":[{"embeddable":true,"href":"https:\/\/cibz.de\/index.php\/wp-json\/wp\/v2\/comments?post=408"}],"version-history":[{"count":0,"href":"https:\/\/cibz.de\/index.php\/wp-json\/wp\/v2\/posts\/408\/revisions"}],"wp:attachment":[{"href":"https:\/\/cibz.de\/index.php\/wp-json\/wp\/v2\/media?parent=408"}],"wp:term":[{"taxonomy":"category","embeddable":true,"href":"https:\/\/cibz.de\/index.php\/wp-json\/wp\/v2\/categories?post=408"},{"taxonomy":"post_tag","embeddable":true,"href":"https:\/\/cibz.de\/index.php\/wp-json\/wp\/v2\/tags?post=408"}],"curies":[{"name":"wp","href":"https:\/\/api.w.org\/{rel}","templated":true}]}}