{"id":415,"date":"2018-06-10T08:18:56","date_gmt":"2018-06-10T06:18:56","guid":{"rendered":"http:\/\/www.cibz.de\/?p=415"},"modified":"2018-06-10T08:18:56","modified_gmt":"2018-06-10T06:18:56","slug":"christlich-islamisches-cafe-mit-professor-schreiner","status":"publish","type":"post","link":"https:\/\/cibz.de\/index.php\/2018\/06\/10\/christlich-islamisches-cafe-mit-professor-schreiner\/","title":{"rendered":"Christlich-islamisches Caf\u00e9 mit Professor Schreiner"},"content":{"rendered":"<p>Das n\u00e4chste christlich-islamische Caf\u00e9 der CIBZ \u00a0findet statt<strong> am Dienstag, 10. Juli 2018, 19.30 Uhr im\u00a0\u00a0 Treffpunkt 50 plus<\/strong> (im Treffpunkt Roteb\u00fchl, Stuttgart, Roteb\u00fchlplatz 28)<strong>.<br \/>\n<\/strong><strong>Professor Dr. Dr. h.c. Stefan Schreiner,<\/strong> Universit\u00e4t T\u00fcbingen, spricht zum Thema:<br \/>\n<strong>&#171;J\u00fcdisch-christliche Tradition &#8211;\u00a0\u00a0 ein apologetisches Konstrukt&#187;. <\/strong><\/p>\n<p>Es gibt Gemeinsamkeiten zwischen Christen und Juden &#8211; etwa die, dass die Hebr\u00e4ische Bibel als \u201aAltes Testament\u2018 Teil der christlichen Bibel ist.<br \/>\nKann man daraus aber ableiten, es gebe eine j\u00fcdisch &#8211; christliche Tradition? Und kann man diese gegen den Islam in Stellung bringen?<br \/>\n2000 Jahre Kirchengeschichte deuten in eine ganz andere Richtung.<br \/>\nEs wird interessant sein, wie Professor Schreiner in seinem Referat diese Zusammenh\u00e4nge darlegen und verdeutlichen wird und \u00a0wie er das Verh\u00e4ltnis zwischen den Religionen Judentum, Christentum und Islam bestimmen wird.<\/p>\n<p>Wir laden sehr herzlich ein.<\/p>\n<p><a href=\"https:\/\/peaceful-kapitsa.82-165-109-163.plesk.page\/wp-content\/uploads\/2018\/06\/Prof.-Schreiner-10.7.18.pdf\">Prof. Schreiner 10.7.18<\/a><\/p>\n","protected":false},"excerpt":{"rendered":"<p>Das n\u00e4chste christlich-islamische Caf\u00e9 der CIBZ \u00a0findet statt am Dienstag, 10. Juli 2018, 19.30 Uhr im\u00a0\u00a0 Treffpunkt 50 plus (im Treffpunkt Roteb\u00fchl, Stuttgart, Roteb\u00fchlplatz 28). Professor Dr. Dr. h.c. Stefan Schreiner, Universit\u00e4t T\u00fcbingen, spricht zum Thema: &#171;J\u00fcdisch-christliche Tradition &#8211;\u00a0\u00a0 ein &hellip; <a href=\"https:\/\/cibz.de\/index.php\/2018\/06\/10\/christlich-islamisches-cafe-mit-professor-schreiner\/\">Continue reading <span class=\"meta-nav\">&rarr;<\/span><\/a><\/p>\n","protected":false},"author":1,"featured_media":0,"comment_status":"closed","ping_status":"closed","sticky":false,"template":"","format":"standard","meta":{"footnotes":""},"categories":[4],"tags":[],"class_list":["post-415","post","type-post","status-publish","format-standard","hentry","category-termine"],"_links":{"self":[{"href":"https:\/\/cibz.de\/index.php\/wp-json\/wp\/v2\/posts\/415","targetHints":{"allow":["GET"]}}],"collection":[{"href":"https:\/\/cibz.de\/index.php\/wp-json\/wp\/v2\/posts"}],"about":[{"href":"https:\/\/cibz.de\/index.php\/wp-json\/wp\/v2\/types\/post"}],"author":[{"embeddable":true,"href":"https:\/\/cibz.de\/index.php\/wp-json\/wp\/v2\/users\/1"}],"replies":[{"embeddable":true,"href":"https:\/\/cibz.de\/index.php\/wp-json\/wp\/v2\/comments?post=415"}],"version-history":[{"count":0,"href":"https:\/\/cibz.de\/index.php\/wp-json\/wp\/v2\/posts\/415\/revisions"}],"wp:attachment":[{"href":"https:\/\/cibz.de\/index.php\/wp-json\/wp\/v2\/media?parent=415"}],"wp:term":[{"taxonomy":"category","embeddable":true,"href":"https:\/\/cibz.de\/index.php\/wp-json\/wp\/v2\/categories?post=415"},{"taxonomy":"post_tag","embeddable":true,"href":"https:\/\/cibz.de\/index.php\/wp-json\/wp\/v2\/tags?post=415"}],"curies":[{"name":"wp","href":"https:\/\/api.w.org\/{rel}","templated":true}]}}