{"id":442,"date":"2019-01-15T08:14:14","date_gmt":"2019-01-15T06:14:14","guid":{"rendered":"http:\/\/www.cibz.de\/?p=442"},"modified":"2019-01-15T08:14:14","modified_gmt":"2019-01-15T06:14:14","slug":"einladung-warum-tragen-muslimas-kopftuch-29-1-2019","status":"publish","type":"post","link":"https:\/\/cibz.de\/index.php\/2019\/01\/15\/einladung-warum-tragen-muslimas-kopftuch-29-1-2019\/","title":{"rendered":"Einladung &#171;Warum tragen Muslimas Kopftuch&#187; 29.1.2019"},"content":{"rendered":"\n<p>Sehr geehrte Damen und Herren!<\/p>\n\n\n\n<p>Die Gesellschaft f\u00fcr Christlich-Islamische Begegnung und\nZusammenarbeit Stuttgart e.V.&nbsp;&nbsp; (CIBZ) l\u00e4dt am Dienstag 29. Januar\n2019 um 19.30 &nbsp;ein zu einem christlich-islamischen Caf\u00e9 mit dem Thema&nbsp;\n\u201cWarum &nbsp;tragen Muslimas Kopftuch?\u201c. Ort der Veranstaltung ist das\nLudwig-Raiser-Haus, Wilhelm Str. 8, in&nbsp; Stuttgart &#8211; Bad Cannstatt.<\/p>\n\n\n\n<p>In der Form eines Erz\u00e4hlcafes berichten muslimische Frauen\n&nbsp;was ihnen das Kopftuch bedeutet, welche Erfahrungen sie damit machen,\nwelche Fragen dabei auftauchen, welchen Diskussionen sie ausgesetzt sind.<\/p>\n\n\n\n<p>Mit dieser Veranstaltung wollen wir versuchen, Vorurteile\nabzubauen, um so zu mehr Dialogf\u00e4higkeit und gegenseitigem Respekt zu kommen.\n&nbsp;&nbsp;&nbsp;&nbsp;&nbsp;&nbsp;&nbsp;&nbsp;&nbsp;&nbsp;&nbsp;&nbsp;&nbsp;&nbsp;&nbsp;&nbsp;&nbsp;&nbsp;&nbsp;&nbsp;&nbsp;&nbsp;&nbsp;&nbsp;&nbsp;&nbsp;&nbsp;<\/p>\n\n\n\n<p>Ich m\u00f6chte Sie bitten, auf diese Veranstaltung hinzuweisen,\nund die Einladungen weiterzuleiten. Herzlichen Dank.<\/p>\n\n\n\n<p>&nbsp;Frieder Kobler<\/p>\n\n\n\n<div class=\"wp-block-file\"><a href=\"https:\/\/peaceful-kapitsa.82-165-109-163.plesk.page\/wp-content\/uploads\/2019\/01\/Warum-tragen-Muslimas-Kopftuch-Einladung.pdf\">Warum tragen Muslimas Kopftuch &#8211; Einladung<\/a><a href=\"https:\/\/peaceful-kapitsa.82-165-109-163.plesk.page\/wp-content\/uploads\/2019\/01\/Warum-tragen-Muslimas-Kopftuch-Einladung.pdf\" class=\"wp-block-file__button\" download>Herunterladen<\/a><\/div>\n\n\n\n<p><\/p>\n","protected":false},"excerpt":{"rendered":"<p>Sehr geehrte Damen und Herren! Die Gesellschaft f\u00fcr Christlich-Islamische Begegnung und Zusammenarbeit Stuttgart e.V.&nbsp;&nbsp; (CIBZ) l\u00e4dt am Dienstag 29. Januar 2019 um 19.30 &nbsp;ein zu einem christlich-islamischen Caf\u00e9 mit dem Thema&nbsp; \u201cWarum &nbsp;tragen Muslimas Kopftuch?\u201c. Ort der Veranstaltung ist das &hellip; <a href=\"https:\/\/cibz.de\/index.php\/2019\/01\/15\/einladung-warum-tragen-muslimas-kopftuch-29-1-2019\/\">Continue reading <span class=\"meta-nav\">&rarr;<\/span><\/a><\/p>\n","protected":false},"author":1,"featured_media":0,"comment_status":"closed","ping_status":"closed","sticky":false,"template":"","format":"standard","meta":{"footnotes":""},"categories":[2,4],"tags":[18],"class_list":["post-442","post","type-post","status-publish","format-standard","hentry","category-allgemein","category-termine","tag-termine"],"_links":{"self":[{"href":"https:\/\/cibz.de\/index.php\/wp-json\/wp\/v2\/posts\/442","targetHints":{"allow":["GET"]}}],"collection":[{"href":"https:\/\/cibz.de\/index.php\/wp-json\/wp\/v2\/posts"}],"about":[{"href":"https:\/\/cibz.de\/index.php\/wp-json\/wp\/v2\/types\/post"}],"author":[{"embeddable":true,"href":"https:\/\/cibz.de\/index.php\/wp-json\/wp\/v2\/users\/1"}],"replies":[{"embeddable":true,"href":"https:\/\/cibz.de\/index.php\/wp-json\/wp\/v2\/comments?post=442"}],"version-history":[{"count":0,"href":"https:\/\/cibz.de\/index.php\/wp-json\/wp\/v2\/posts\/442\/revisions"}],"wp:attachment":[{"href":"https:\/\/cibz.de\/index.php\/wp-json\/wp\/v2\/media?parent=442"}],"wp:term":[{"taxonomy":"category","embeddable":true,"href":"https:\/\/cibz.de\/index.php\/wp-json\/wp\/v2\/categories?post=442"},{"taxonomy":"post_tag","embeddable":true,"href":"https:\/\/cibz.de\/index.php\/wp-json\/wp\/v2\/tags?post=442"}],"curies":[{"name":"wp","href":"https:\/\/api.w.org\/{rel}","templated":true}]}}