{"id":451,"date":"2019-04-03T08:11:06","date_gmt":"2019-04-03T06:11:06","guid":{"rendered":"http:\/\/www.cibz.de\/?p=451"},"modified":"2019-04-03T08:11:06","modified_gmt":"2019-04-03T06:11:06","slug":"20-jaehriges-jubilaeum-der-gesellschaft-fuer-christlich-islamischen-begegnung-und-zusammenarbeit-stuttgart-e-v-cibz","status":"publish","type":"post","link":"https:\/\/cibz.de\/index.php\/2019\/04\/03\/20-jaehriges-jubilaeum-der-gesellschaft-fuer-christlich-islamischen-begegnung-und-zusammenarbeit-stuttgart-e-v-cibz\/","title":{"rendered":"20-j\u00e4hriges Jubil\u00e4um der Gesellschaft f\u00fcr christlich-islamischen Begegnung und Zusammenarbeit Stuttgart e.V. (CIBZ)"},"content":{"rendered":"\n<p><strong>Freitag 3. Mai 2019 von 18 Uhr bis 21 Uhr,<\/strong><\/p>\n\n\n\n<p><strong>Evang. Bildungszentrum Hospitalhof, B\u00fcchsenstra\u00dfe 33<\/strong><\/p>\n\n\n\n<p>Es\nist in diesen d\u00fcsteren Zeiten nicht h\u00e4ufig, dass es im christlich-islamischen\nBereich etwas zu feiern gibt. Umso sch\u00f6ner, wenn es dann doch einmal so weit\nist. Die <em>Gesellschaft f\u00fcr Christlich \u2013 Islamische Begegnung und Zusammenarbeit\nStuttgart e.V. (CIBZ)<\/em><strong> <\/strong>wird\n20 Jahre alt.<\/p>\n\n\n\n<p>20\nJahre CIBZ \u2013 das hei\u00dft: 20 Jahre Begegnung, 20 Jahre Gespr\u00e4ch auf Augenh\u00f6he, 20\nJahre Lernen von einander und mit einander. Wir leben ja in einer pluralistischen\nGesellschaft, einer Bereicherung f\u00fcr alle. <\/p>\n\n\n\n<p>20\nJahre Einsatz f\u00fcr Verst\u00e4ndigung, Toleranz und Frieden. Das wollen wir feiern. Wir\nfreuen uns sehr, dass Professor Karl-Josef Kuschel aus T\u00fcbingen zugesagt hat,\nden Festvortrag zu halten. <\/p>\n\n\n\n<p>Verlauf:<br>Begr\u00fc\u00dfung durch die Vorsitzenden<br><br>Gru\u00dfworte: <br>Muhittin Soylu, Islamische Gemeinschaft Baden-W\u00fcrttemberg; <br>Pfarrer Heinrich-Georg Rothe, Islambeauftragter der Evang. Landeskirche in W\u00fcrttemberg; <br>Dr. Wolfgang R\u00f6dl, Bisch\u00f6fliches Ordinariat der Di\u00f6zese Rottenburg \u2013 Stuttgart<\/p>\n\n\n\n<p>Festvortrag von Prof. Dr. Karl-Josef Kuschel, T\u00fcbingen:<\/p>\n\n\n\n<p>\u201e<em>Von der Vergegnung zur Begegnung. Wie mich das Gespr\u00e4ch mit Muslimen ver\u00e4ndert hat.<\/em>\u201c<\/p>\n\n\n\n<p>Einladung zu Gespr\u00e4chen. Imbiss<\/p>\n\n\n\n<p><strong>Eingeladen sind Alle, die am Gespr\u00e4ch zwischen Christen und Muslimen interessiert sind.<\/strong><br>VERANSTALTER: Gesellschaft f\u00fcr christlich-islamische Begegnung und Zusammenarbeit Stuttgart (CIBZ) <br>in KOOPERATION mit dem Evang. Bildungszentrum Hospitalhof. <\/p>\n\n\n\n<p>Kontakt:<br>Muslimischer Vorsitzender: <a href=\"mailto:mriadghalaini@yahoo.de\">mriadghalaini@yahoo.de<\/a>, <br>Tel 0711 608491,\u00a0 \u00a0\u00a0\u00a0\u00a0\u00a0\u00a0\u00a0<br>Christlicher Vorsitzender: <a href=\"mailto:fmkobler@t-online.de\">fmkobler@t-online.de<\/a>,<br> Tel.0711 75876622<\/p>\n\n\n\n<p><\/p>\n\n\n\n<div class=\"wp-block-file\"><a href=\"https:\/\/peaceful-kapitsa.82-165-109-163.plesk.page\/wp-content\/uploads\/2019\/04\/Einladung-20-j-Jubilaeum.pdf\">Einladung 20 Jubil\u00e4um<\/a><a href=\"https:\/\/peaceful-kapitsa.82-165-109-163.plesk.page\/wp-content\/uploads\/2019\/04\/Einladung-20-j-Jubilaeum.pdf\" class=\"wp-block-file__button\" download>Herunterladen<\/a><\/div>\n","protected":false},"excerpt":{"rendered":"<p>Freitag 3. Mai 2019 von 18 Uhr bis 21 Uhr, Evang. Bildungszentrum Hospitalhof, B\u00fcchsenstra\u00dfe 33 Es ist in diesen d\u00fcsteren Zeiten nicht h\u00e4ufig, dass es im christlich-islamischen Bereich etwas zu feiern gibt. Umso sch\u00f6ner, wenn es dann doch einmal so &hellip; <a href=\"https:\/\/cibz.de\/index.php\/2019\/04\/03\/20-jaehriges-jubilaeum-der-gesellschaft-fuer-christlich-islamischen-begegnung-und-zusammenarbeit-stuttgart-e-v-cibz\/\">Continue reading <span class=\"meta-nav\">&rarr;<\/span><\/a><\/p>\n","protected":false},"author":1,"featured_media":0,"comment_status":"closed","ping_status":"closed","sticky":false,"template":"","format":"standard","meta":{"footnotes":""},"categories":[2,4],"tags":[15,18],"class_list":["post-451","post","type-post","status-publish","format-standard","hentry","category-allgemein","category-termine","tag-jubilaum","tag-termine"],"_links":{"self":[{"href":"https:\/\/cibz.de\/index.php\/wp-json\/wp\/v2\/posts\/451","targetHints":{"allow":["GET"]}}],"collection":[{"href":"https:\/\/cibz.de\/index.php\/wp-json\/wp\/v2\/posts"}],"about":[{"href":"https:\/\/cibz.de\/index.php\/wp-json\/wp\/v2\/types\/post"}],"author":[{"embeddable":true,"href":"https:\/\/cibz.de\/index.php\/wp-json\/wp\/v2\/users\/1"}],"replies":[{"embeddable":true,"href":"https:\/\/cibz.de\/index.php\/wp-json\/wp\/v2\/comments?post=451"}],"version-history":[{"count":0,"href":"https:\/\/cibz.de\/index.php\/wp-json\/wp\/v2\/posts\/451\/revisions"}],"wp:attachment":[{"href":"https:\/\/cibz.de\/index.php\/wp-json\/wp\/v2\/media?parent=451"}],"wp:term":[{"taxonomy":"category","embeddable":true,"href":"https:\/\/cibz.de\/index.php\/wp-json\/wp\/v2\/categories?post=451"},{"taxonomy":"post_tag","embeddable":true,"href":"https:\/\/cibz.de\/index.php\/wp-json\/wp\/v2\/tags?post=451"}],"curies":[{"name":"wp","href":"https:\/\/api.w.org\/{rel}","templated":true}]}}