{"id":471,"date":"2019-11-20T13:07:36","date_gmt":"2019-11-20T11:07:36","guid":{"rendered":"http:\/\/www.cibz.de\/?p=471"},"modified":"2019-11-20T13:07:36","modified_gmt":"2019-11-20T11:07:36","slug":"cibz-programm-dezember-2019","status":"publish","type":"post","link":"https:\/\/cibz.de\/index.php\/2019\/11\/20\/cibz-programm-dezember-2019\/","title":{"rendered":"CIBZ-Programm Dezember 2019"},"content":{"rendered":"\n<p>Liebe Mitglieder und Freunde\nder CIBZ, liebe Freundinnen und Freunde des christlich-islamischen Dialogs,<\/p>\n\n\n\n<p>anbei \u00fcbersende wir Ihnen\nunser Programm f\u00fcr den Monat Dezember. Gerade in diesen f\u00fcr das Zusammenleben\nder verschiedenen Religionen und Kulturen nicht einfachen Zeiten ist es\nwichtig, dass wir als Christen und Muslime im Gespr\u00e4ch bleiben und ins Gespr\u00e4ch\nkommen \u00fcber die Grenzen unserer jeweiligen Religion&nbsp; hinweg. Deshalb laden\nwir Sie zu unseren Veranstaltungen im Monat Dezember sehr herzlich ein. <\/p>\n\n\n\n<p>Am Donnerstag, den <strong>05.12.2019,\n19:00 Uhr<\/strong> findet im <strong>Ludwig-Raiser-Haus<\/strong>, Wilhelmstra\u00dfe 8, Bad\nCannstatt &nbsp;auf Einladung von Dekan Eckart Schultz-Berg eine <strong>Adventsfeier\nim Rahmen des christlich-islamischen&nbsp; Gespr\u00e4ches<\/strong> statt.<\/p>\n\n\n\n<p>In stimmungsvollem Ambiente\nwollen wir als Christen und Muslime uns begegnen und miteinander ins Gespr\u00e4ch\nkommen.<\/p>\n\n\n\n<p>Im Ramadan im Fr\u00fchsommer\ndieses Jahres waren die Christen eingeladen, in der Moscheegemeinde Islamische\nSolidarit\u00e4t (Kuba-Moschee) beim Iftar-Gebet begleitend teilzunehmen, um dann\nmit einem guten Essen verw\u00f6hnt zu werden. Jetzt im Advent sind die Muslime\neingeladen, ein St\u00fcck christlicher Spiritualit\u00e4t begleitend kennenzulernen und\nsich an adventlichem Geb\u00e4ck und Getr\u00e4nken g\u00fctlich zu tun. Musik und\nweihnachtliche Geschichten runden den Abend ab.&nbsp; <\/p>\n\n\n\n<p>(Einladung ist angeh\u00e4ngt)<\/p>\n\n\n\n<p>Am <strong>Dienstag, 17.<\/strong> <strong>Dezember\n2019<\/strong>, <strong>19.30 Uhr<\/strong> <strong>(Achtung: ge\u00e4nderter Termin!!)<\/strong> ist das\nn\u00e4chste <strong>christlich-islamische Caf\u00e9<\/strong> der CIBZ.<\/p>\n\n\n\n<p>Es findet statt im<strong>\ntreffpunkt 50plus<\/strong> (im Treffpunkt Roteb\u00fchl, Stuttgart, Roteb\u00fchlplatz 28).<\/p>\n\n\n\n<p><strong>Professor Dr. Dr. h.c.\nStefan Schreiner,<\/strong> Universit\u00e4t\nT\u00fcbingen, spricht \u00fcber &nbsp;das Thema: <\/p>\n\n\n\n<p><strong>Die Seidenstra\u00dfe &#8211;\nReligionstransfer und Kulturkontakt: christliche, j\u00fcdische und muslimische\nFernh\u00e4ndler als Missionare.<\/strong><\/p>\n\n\n\n<p>&nbsp;Die \u201aSeidenstra\u00dfe\u2018 ist\nja zur Zeit in aller Munde, weil der Chinesische Staat unter diesem\nBegriff&nbsp; seine wirtschaftlichen und politischen Aktivit\u00e4ten zur Sicherung\nund zum Ausbau seiner Wirtschaftswege betreibt. <\/p>\n\n\n\n<p>Was aber steckt hinter diesem\nBegriff historisch? Gab es wirklich &nbsp;die eine Seidenstra\u00dfe oder ist\nSeidenstra\u00dfe ein Sammelbegriff f\u00fcr verschiedene Routen, auf denen sich der\nWirtschaftsaustausch zwischen West und Ost vollzogen hat? Wie dem auch sei:<\/p>\n\n\n\n<p>Wie sich auf diesem Weg nicht\nnur Waren verbreitet haben, sondern auch Kulturen sich begegnet sind, ja\nReligionen sich ausgebreitet haben, dar\u00fcber wird Professor Schreiner als\nexzellenter Kenner der Materie informieren. (Einladung ist angeh\u00e4ngt.)<\/p>\n\n\n\n<p>Zu beiden Veranstaltungen\nladen wir sehr herzlich ein! Wir sind ihnen dankbar, wenn Sie die Einladungen\nauch an m\u00f6gliche Interessenten weitergeben.<\/p>\n\n\n\n<p>Mit freundlichen Gr\u00fc\u00dfen<\/p>\n\n\n\n<p>Frieder Kobler <\/p>\n\n\n\n<p><\/p>\n\n\n\n<p><\/p>\n\n\n\n<div class=\"wp-block-file\"><a href=\"https:\/\/peaceful-kapitsa.82-165-109-163.plesk.page\/wp-content\/uploads\/2019\/11\/adventlicher-Abend-im-Rahmen-des-christlich-islamischen-Gespraech.pdf\">adventlicher-Abend-im-Rahmen-des-christlich-islamischen-Gespr\u00e4ch<\/a><a href=\"https:\/\/peaceful-kapitsa.82-165-109-163.plesk.page\/wp-content\/uploads\/2019\/11\/adventlicher-Abend-im-Rahmen-des-christlich-islamischen-Gespraech.pdf\" class=\"wp-block-file__button\" download>Herunterladen<\/a><\/div>\n\n\n\n<div class=\"wp-block-file\"><a href=\"https:\/\/peaceful-kapitsa.82-165-109-163.plesk.page\/wp-content\/uploads\/2019\/11\/christlich-islamisches-Cafe-17.-Dezember-2019.pdf\">christlich-islamisches-Cafe-17.-Dezember-2019<\/a><a href=\"https:\/\/peaceful-kapitsa.82-165-109-163.plesk.page\/wp-content\/uploads\/2019\/11\/christlich-islamisches-Cafe-17.-Dezember-2019.pdf\" class=\"wp-block-file__button\" download>Herunterladen<\/a><\/div>\n\n\n\n<p><\/p>\n","protected":false},"excerpt":{"rendered":"<p>Liebe Mitglieder und Freunde der CIBZ, liebe Freundinnen und Freunde des christlich-islamischen Dialogs, anbei \u00fcbersende wir Ihnen unser Programm f\u00fcr den Monat Dezember. Gerade in diesen f\u00fcr das Zusammenleben der verschiedenen Religionen und Kulturen nicht einfachen Zeiten ist es wichtig, &hellip; <a href=\"https:\/\/cibz.de\/index.php\/2019\/11\/20\/cibz-programm-dezember-2019\/\">Continue reading <span class=\"meta-nav\">&rarr;<\/span><\/a><\/p>\n","protected":false},"author":1,"featured_media":0,"comment_status":"closed","ping_status":"closed","sticky":false,"template":"","format":"standard","meta":{"footnotes":""},"categories":[4],"tags":[18],"class_list":["post-471","post","type-post","status-publish","format-standard","hentry","category-termine","tag-termine"],"_links":{"self":[{"href":"https:\/\/cibz.de\/index.php\/wp-json\/wp\/v2\/posts\/471","targetHints":{"allow":["GET"]}}],"collection":[{"href":"https:\/\/cibz.de\/index.php\/wp-json\/wp\/v2\/posts"}],"about":[{"href":"https:\/\/cibz.de\/index.php\/wp-json\/wp\/v2\/types\/post"}],"author":[{"embeddable":true,"href":"https:\/\/cibz.de\/index.php\/wp-json\/wp\/v2\/users\/1"}],"replies":[{"embeddable":true,"href":"https:\/\/cibz.de\/index.php\/wp-json\/wp\/v2\/comments?post=471"}],"version-history":[{"count":0,"href":"https:\/\/cibz.de\/index.php\/wp-json\/wp\/v2\/posts\/471\/revisions"}],"wp:attachment":[{"href":"https:\/\/cibz.de\/index.php\/wp-json\/wp\/v2\/media?parent=471"}],"wp:term":[{"taxonomy":"category","embeddable":true,"href":"https:\/\/cibz.de\/index.php\/wp-json\/wp\/v2\/categories?post=471"},{"taxonomy":"post_tag","embeddable":true,"href":"https:\/\/cibz.de\/index.php\/wp-json\/wp\/v2\/tags?post=471"}],"curies":[{"name":"wp","href":"https:\/\/api.w.org\/{rel}","templated":true}]}}