{"id":72,"date":"2010-06-12T17:13:42","date_gmt":"2010-06-12T15:13:42","guid":{"rendered":"http:\/\/www.cibz.de\/?p=72"},"modified":"2010-06-12T17:13:42","modified_gmt":"2010-06-12T15:13:42","slug":"mitgliederversammlung-und-veranstaltungen-der-cibz","status":"publish","type":"post","link":"https:\/\/cibz.de\/index.php\/2010\/06\/12\/mitgliederversammlung-und-veranstaltungen-der-cibz\/","title":{"rendered":"Mitgliederversammlung und Veranstaltungen der CIBZ"},"content":{"rendered":"<p>Liebe CIBZ-Mitglieder,<br \/>\nliebe Freundinnen und Freunde unserer Arbeit,<\/p>\n<p>in der Anlage erhalten Sie die Einladung zu unserer Mitgliederversammlung am  29. Juni (an der auch Nichtmitglieder gerne teilnehmen k\u00f6nnen),\u00a0 die  Hinweise auf die neuen Veranstaltungen unseres\u00a0 christlich &#8211; islamischen  Cafes und die Einladung zum Fastenbrechen am 23. August.<\/p>\n<p>Wir freuen uns, wenn Sie unsere Einladungen \u00a0wahrnehmen und wenn Sie  sie\u00a0weitergeben. (Vervielf\u00e4ltigung ist erlaubt!)<\/p>\n<p>Ich w\u00fcnsche Ihnen eine gute Zeit und freue mich, Sie zu sehen.<\/p>\n<p>Ihr Frieder Kobler<\/p>\n<p><a href=\"https:\/\/peaceful-kapitsa.82-165-109-163.plesk.page\/wp-content\/uploads\/2010\/06\/Flyer-2010-Ramadan.pdf\">Flyer 2010 Ramadan<\/a> | <a href=\"https:\/\/peaceful-kapitsa.82-165-109-163.plesk.page\/wp-content\/uploads\/2010\/06\/Flyer-2.2010.pdf\">Flyer 2.2010<\/a> | <a href=\"https:\/\/peaceful-kapitsa.82-165-109-163.plesk.page\/wp-content\/uploads\/2010\/06\/Einladung-zum-29.6.2010.pdf\">Einladung zur Mitgliederversammlung<\/a><\/p>\n<p><span style=\"text-decoration: underline;\">Unsere Termine in K\u00fcrze:<\/span><\/p>\n<p><strong>Fastenbrechen: <\/strong><\/p>\n<p>Die Moscheegemeinde Islamische Solidarit\u00e4t l\u00e4dt ein zum Iftar im Ramadan:<br \/>\nMontag, 23.08.10, Treffpunkt 19.50 Uhr  (ca. 40 Minuten  vor dem Gebet).<\/p>\n<p>Anschrift: Ulmerstr. 172, U4\/U9 Halt: Brendle\/Gro\u00dfmarkt Ansprechpartner:  Fatih Demirel Tel.: 0178 4589108<br \/>\nCafe:<\/p>\n<p>Die Moscheegemeinde Islamische Solidarit\u00e4t ist auch Gastgeberin der n\u00e4chsten  drei Caf\u00e9s:<\/p>\n<p>Montag, 14.06.2010: Trinit\u00e4t aus christlicher Sicht, Referent: Dr. Wolfgang  R\u00f6dl<\/p>\n<p>Montag, 19.07.2010: Reise nach Andalusien, Referentin: Doris Graber<\/p>\n<p>Montag, 13.09.2010: Scharia \u2013 was ist das? Referent Riad Ghalaini<\/p>\n<p>je 19.30 Uhr.<\/p>\n<p>Anschrift: Ulmerstr. 172, U4\/U9 Halt: Brendle Gro\u00dfmarkt Ansprechpartner:  Fatih Demirel Tel.: 0178 4589108<\/p>\n","protected":false},"excerpt":{"rendered":"<p>Liebe CIBZ-Mitglieder, liebe Freundinnen und Freunde unserer Arbeit, in der Anlage erhalten Sie die Einladung zu unserer Mitgliederversammlung am 29. Juni (an der auch Nichtmitglieder gerne teilnehmen k\u00f6nnen),\u00a0 die Hinweise auf die neuen Veranstaltungen unseres\u00a0 christlich &#8211; islamischen Cafes und &hellip; <a href=\"https:\/\/cibz.de\/index.php\/2010\/06\/12\/mitgliederversammlung-und-veranstaltungen-der-cibz\/\">Continue reading <span class=\"meta-nav\">&rarr;<\/span><\/a><\/p>\n","protected":false},"author":1,"featured_media":0,"comment_status":"closed","ping_status":"closed","sticky":false,"template":"","format":"standard","meta":{"footnotes":""},"categories":[2,4],"tags":[7,18,19],"class_list":["post-72","post","type-post","status-publish","format-standard","hentry","category-allgemein","category-termine","tag-fastenbrechen","tag-termine","tag-veranstaltungshinweis"],"_links":{"self":[{"href":"https:\/\/cibz.de\/index.php\/wp-json\/wp\/v2\/posts\/72","targetHints":{"allow":["GET"]}}],"collection":[{"href":"https:\/\/cibz.de\/index.php\/wp-json\/wp\/v2\/posts"}],"about":[{"href":"https:\/\/cibz.de\/index.php\/wp-json\/wp\/v2\/types\/post"}],"author":[{"embeddable":true,"href":"https:\/\/cibz.de\/index.php\/wp-json\/wp\/v2\/users\/1"}],"replies":[{"embeddable":true,"href":"https:\/\/cibz.de\/index.php\/wp-json\/wp\/v2\/comments?post=72"}],"version-history":[{"count":0,"href":"https:\/\/cibz.de\/index.php\/wp-json\/wp\/v2\/posts\/72\/revisions"}],"wp:attachment":[{"href":"https:\/\/cibz.de\/index.php\/wp-json\/wp\/v2\/media?parent=72"}],"wp:term":[{"taxonomy":"category","embeddable":true,"href":"https:\/\/cibz.de\/index.php\/wp-json\/wp\/v2\/categories?post=72"},{"taxonomy":"post_tag","embeddable":true,"href":"https:\/\/cibz.de\/index.php\/wp-json\/wp\/v2\/tags?post=72"}],"curies":[{"name":"wp","href":"https:\/\/api.w.org\/{rel}","templated":true}]}}